[{"@context":"https:\/\/schema.org\/","@type":"Article","@id":"https:\/\/www.tulipy.cz\/slozita-politika\/#Article","mainEntityOfPage":"https:\/\/www.tulipy.cz\/slozita-politika\/","headline":"Slo\u017eit\u00e1 politika","name":"Slo\u017eit\u00e1 politika","description":"Mysl\u00edm si, \u017ee pokud se zaj\u00edm\u00e1te o politiku, tak asi mus\u00edte m\u00edt k politice n\u011bjak\u00fd vztah. Abych se v\u00e1m p\u0159iznal, j\u00e1 se taky o politiku zaj\u00edm\u00e1m, ale ne tak z toho d\u016fvodu, \u017ee j\u00ed \u00fapln\u011b takzvan\u011b \u017eeru. Mysl\u00edm si, \u017ee politika opravdu sebou nese n\u011bjak\u00e1 pozitiva a tak\u00e9 plusy a m\u00ednusy. J\u00e1 sama jsem v\u017edycky [&hellip;]","datePublished":"2022-03-28","dateModified":"2023-06-07","author":{"@type":"Person","@id":"https:\/\/www.tulipy.cz\/author\/#Person","name":"","url":"https:\/\/www.tulipy.cz\/author\/","identifier":1,"image":{"@type":"ImageObject","@id":"https:\/\/secure.gravatar.com\/avatar\/f7b3e8bb7f7cc0c6ca940e74a10b952be4c7d81de8a980387c865f88889f02e3?s=96&d=mm&r=g","url":"https:\/\/secure.gravatar.com\/avatar\/f7b3e8bb7f7cc0c6ca940e74a10b952be4c7d81de8a980387c865f88889f02e3?s=96&d=mm&r=g","height":96,"width":96}},"publisher":{"@type":"Organization","name":"tulipy.cz","logo":{"@type":"ImageObject","@id":"\/logo.png","url":"\/logo.png","width":600,"height":60}},"image":{"@type":"ImageObject","@id":"https:\/\/www.tulipy.cz\/wp-content\/uploads\/seo-4438241_960_720.jpg","url":"https:\/\/www.tulipy.cz\/wp-content\/uploads\/seo-4438241_960_720.jpg","height":0,"width":0},"url":"https:\/\/www.tulipy.cz\/slozita-politika\/","about":["Politika"],"wordCount":432,"articleBody":"Mysl\u00edm si, \u017ee pokud se zaj\u00edm\u00e1te o politiku, tak asi mus\u00edte m\u00edt k politice n\u011bjak\u00fd vztah. Abych se v\u00e1m p\u0159iznal, j\u00e1 se taky o politiku zaj\u00edm\u00e1m, ale ne tak z toho d\u016fvodu, \u017ee j\u00ed \u00fapln\u011b takzvan\u011b \u017eeru. Mysl\u00edm si, \u017ee politika opravdu sebou nese n\u011bjak\u00e1 pozitiva a tak\u00e9 plusy a m\u00ednusy. J\u00e1 sama jsem v\u017edycky byla p\u0159ekvapen\u00e1, kdy\u017e jsem t\u0159eba sed\u011bla n\u011bkde v \u010dek\u00e1rn\u011b, \u017ee se tam n\u011bkte\u0159\u00ed lid\u00e9 bavili o politice. Nikdy to ale nebylo v\u016fbec stru\u010dn\u00e9 \u010di slu\u0161n\u00e9. Opravdu se mi nel\u00edb\u00ed, \u017ee mus\u00ed n\u011bjak\u00fd \u010dlov\u011bk pomlouvat n\u011bkoho, koho osobn\u011b nezn\u00e1. Hlavn\u011b si ale nemyslete pros\u00edm, \u017ee j\u00e1 kryji nebo chv\u00e1l\u00edm n\u011bjak\u00e9ho politika nebo politickou stranu.Tohle v\u016fbec ne. J\u00e1 taky si ob\u010das zanad\u00e1v\u00e1m, ale potom si v duchu uv\u011bdom\u00edm, \u017ee vlastn\u011b nem\u00e1m pr\u00e1vo n\u011bkoho soudit, kdy\u017e n\u011bkoho nezn\u00e1m \u00fapln\u011b osobn\u011b. On vlastn\u011b ten \u010dlov\u011bk, kter\u00fd m\u016f\u017ee m\u00edt opravdu katastrof\u00e1ln\u00ed a \u0161patn\u00e9 politick\u00e9 n\u00e1zory, tak v osobn\u00edm soukrom\u00e9m \u017eivot\u011b m\u016f\u017ee b\u00fdt naprosto pohodov\u00fd par\u0165\u00e1k a \u010dlen rodiny. Tak\u017ee jsem si \u0159ekla, \u017ee rad\u011bji nebudu nikoho tak moc hodnotit, proto\u017ee ho nezn\u00e1m osobn\u011b. Proto\u017ee zn\u00e1m t\u0159eba nap\u0159\u00edklad kamar\u00e1da, kter\u00fd je takhle v rodinn\u00e9m a p\u0159\u00e1telsk\u00e9m kruhu opravdu perfektn\u00ed \u010dlov\u011bk a sam\u00fd vtip\u00e1lek a je velice p\u0159\u00edjemn\u00fd, \u017ee je s\u00a0ka\u017ed\u00fdm\u00a0ihned velk\u00fd kamar\u00e1d.Jenom\u017ee kdy\u017e je v pr\u00e1ci, kde on pracuje jako z\u00e1stupce firmy, tak je tam opravdu hodn\u011b p\u0159\u00edsn\u00fd a skoro se ani neusm\u011bje. Tak\u017ee jsem si jist\u00e1, \u017ee v\u0161echno tohle je politika, proto\u017ee \u010dlov\u011bk mus\u00ed m\u00edt na sob\u011b n\u011bjakou tak zvanou ochrannou masku, aby taky budil n\u011bjak\u00fd respekt a m\u00edt dobr\u00fd dojem ve spole\u010dnosti. Tak\u017ee v\u00edm, \u017ee politika nen\u00ed jenom o tom, \u017ee se tam ka\u017ed\u00fd h\u00e1d\u00e1, ale \u017ee ka\u017ed\u00fd chce m\u00edt svou pravdu, a\u0165 to stoj\u00ed, co to stoj\u00ed. J\u00e1\u00a0jsem\u00a0se u\u017e\u00a0hodn\u011b pou\u010dila\u00a0o tom, \u017ee \u010dlov\u011bk se nem\u00e1\u00a0opravdu\u00a0soudit podle obalu, ale \u017ee taky n\u011bkdy trv\u00e1 opravdu dlouho, ne\u017e \u010dlov\u011bka l\u00e9pe pozn\u00e1te. Nen\u00ed to jen chvilka, alel t\u0159eba taky zjist\u00edte, \u017ee z n\u011bjak\u00e9ho neznaboha m\u016f\u017ee b\u00fdt i pohodov\u00fd \u010dlov\u011bk.                                                                                                                                                                                                                                                                                                                                                                                                "},{"@context":"https:\/\/schema.org\/","@type":"BreadcrumbList","itemListElement":[{"@type":"ListItem","position":1,"name":"Slo\u017eit\u00e1 politika","item":"https:\/\/www.tulipy.cz\/slozita-politika\/#breadcrumbitem"}]}]