[{"@context":"https:\/\/schema.org\/","@type":"Article","@id":"https:\/\/www.tulipy.cz\/proc-dat-prednost-sklenenemu-zabradli-na-balkon-nebo-lodzii\/#Article","mainEntityOfPage":"https:\/\/www.tulipy.cz\/proc-dat-prednost-sklenenemu-zabradli-na-balkon-nebo-lodzii\/","headline":"Pro\u010d d\u00e1t p\u0159ednost sklen\u011bn\u00e9mu z\u00e1bradl\u00ed na balkon nebo lod\u017eii","name":"Pro\u010d d\u00e1t p\u0159ednost sklen\u011bn\u00e9mu z\u00e1bradl\u00ed na balkon nebo lod\u017eii","description":"P\u0159ed n\u011bkolika lety jsem si po\u0159\u00eddil vlastn\u00ed byt, jeho\u017e sou\u010d\u00e1st\u00ed byla i lod\u017eie s ocelov\u00fdm z\u00e1bradl\u00edm. Z\u00e1bradl\u00ed bylo p\u016fvodn\u00ed, z\u010d\u00e1sti zkorodovan\u00e9 a i kdy\u017e jsem jej opat\u0159il n\u00e1t\u011brem, koroze se za \u010das za\u010dala projevovat znovu. D\u016fm prod\u011blal v p\u0159edchoz\u00edch letech zateplen\u00ed a m\u011bl novou fas\u00e1du ze severn\u00ed, z\u00e1padn\u00ed a v\u00fdchodn\u00ed strany a ji\u017en\u00ed strana s [&hellip;]","datePublished":"2025-11-03","dateModified":"2025-11-03","author":{"@type":"Person","@id":"https:\/\/www.tulipy.cz\/author\/#Person","name":"","url":"https:\/\/www.tulipy.cz\/author\/","identifier":1,"image":{"@type":"ImageObject","@id":"https:\/\/secure.gravatar.com\/avatar\/f7b3e8bb7f7cc0c6ca940e74a10b952be4c7d81de8a980387c865f88889f02e3?s=96&d=mm&r=g","url":"https:\/\/secure.gravatar.com\/avatar\/f7b3e8bb7f7cc0c6ca940e74a10b952be4c7d81de8a980387c865f88889f02e3?s=96&d=mm&r=g","height":96,"width":96}},"publisher":{"@type":"Organization","name":"tulipy.cz","logo":{"@type":"ImageObject","@id":"\/logo.png","url":"\/logo.png","width":600,"height":60}},"image":{"@type":"ImageObject","@id":"https:\/\/www.tulipy.cz\/wp-content\/uploads\/hungary-2671799_640_10_9.jpg","url":"https:\/\/www.tulipy.cz\/wp-content\/uploads\/hungary-2671799_640_10_9.jpg","height":0,"width":0},"url":"https:\/\/www.tulipy.cz\/proc-dat-prednost-sklenenemu-zabradli-na-balkon-nebo-lodzii\/","about":["Produkty"],"wordCount":435,"articleBody":"      P\u0159ed n\u011bkolika lety jsem si po\u0159\u00eddil vlastn\u00ed byt, jeho\u017e sou\u010d\u00e1st\u00ed byla i lod\u017eie s ocelov\u00fdm z\u00e1bradl\u00edm. Z\u00e1bradl\u00ed bylo p\u016fvodn\u00ed, z\u010d\u00e1sti zkorodovan\u00e9 a i kdy\u017e jsem jej opat\u0159il n\u00e1t\u011brem, koroze se za \u010das za\u010dala projevovat znovu. D\u016fm prod\u011blal v p\u0159edchoz\u00edch letech zateplen\u00ed a m\u011bl novou fas\u00e1du ze severn\u00ed, z\u00e1padn\u00ed a v\u00fdchodn\u00ed strany a ji\u017en\u00ed strana s lod\u017eiemi byla prozat\u00edm ponech\u00e1na s t\u00edm, \u017ee se zateplen\u00ed dokon\u010d\u00ed pozd\u011bji z na\u0161et\u0159en\u00fdch pen\u011bz, aby nebylo nutn\u00e9 \u0159e\u0161it \u017e\u00e1dn\u00e9 drah\u00e9 \u00fav\u011bry. K zateplen\u00ed ji\u017en\u00ed strany nakonec do\u0161lo, ov\u0161em padl zde n\u00e1vrh nahradit st\u00e1vaj\u00edc\u00ed z\u00e1bradl\u00ed z konstruk\u010dn\u00ed oceli z\u00e1bradl\u00edm z tvrzen\u00e9ho skla, nav\u00edc dopln\u011bn\u00fdm o horn\u00ed sklen\u011bn\u00fd posuvn\u00fd segment. N\u00e1vrh byl hlasov\u00e1n\u00edm p\u0159ijat, ale p\u0159izn\u00e1m se, \u017ee jsem si od toho nesliboval nic v\u00fdjime\u010dn\u00e9ho, dokud se z\u00e1bradl\u00ed na balkon https:\/\/www.kmkdesign.cz\/zabradli-balkonova-terasova neza\u010dalo instalovat. Ji\u017e od prvn\u00edho dne jsem v\u0161ak za\u010dal vn\u00edmat jeho p\u0159ednosti.Soukrom\u00ed. To bylo asi to prvn\u00ed, co jsem ocenil. Metr od zem\u011b je ml\u00e9\u010dn\u00e9 sklo, skrze kter\u00e9 nen\u00ed nic vid\u011bt, pouze jak\u00e9si siluety. Nikdo ale nepozn\u00e1, zda jste tu naz\u00ed nebo oble\u010den\u00ed. Nen\u00ed pak \u017e\u00e1dn\u00fd probl\u00e9m nainstalovat do prostor lod\u017eie skl\u00e1dac\u00ed stolek a mal\u00e9 \u017eidli\u010dky a m\u00edt tu posezen\u00ed s p\u0159\u00e1teli.Sklen\u00edk. Lod\u017eie je te\u010f n\u011bco jako sklen\u00edk s t\u00edm, \u017ee lze kdykoli intenzivn\u011b v\u011btrat, tak\u017ee se tu neumo\u0159\u00edte vedrem. Ov\u0161em za slune\u010dn\u00e9ho po\u010das\u00ed je i v prosinci uvnit\u0159 lod\u017eie velmi teplo a i kdy\u017e je venku teplota p\u00e1r stup\u0148\u016f pod nulou, uvnit\u0159 zasklen\u00e9ho prostoru m\u016f\u017ee b\u00fdt d\u00edky slune\u010dn\u00edm paprsk\u016fm i p\u0159es dvacet stup\u0148\u016f Celsia.Elegantn\u00ed vzhled. M\u011b osobn\u011b p\u0159ipadaj\u00ed kovov\u00e1 z\u00e1bradl\u00ed na balkonech n\u011bco jako v\u011bze\u0148sk\u00e9 m\u0159\u00ed\u017ee. Je to samoz\u0159ejm\u011b jen m\u016fj n\u00e1zor, a tak jej berte s nadhledem. Ov\u0161em od doby, kdy je n\u00e1\u0161 d\u016fm oble\u010den v lod\u017ei\u00edch do sklen\u011bn\u00e9ho kab\u00e1tu, p\u0159ipad\u00e1 mi mnohem atraktivn\u011bj\u0161\u00ed. Zasklen\u00ed lod\u017ei\u00ed vn\u00edm\u00e1m jako perfektn\u00ed n\u00e1pad a doporu\u010duji jej ka\u017ed\u00e9mu, kdo se rozhodne n\u011bco podobn\u00e9ho realizovat ve sv\u00e9m obytn\u00e9m prostoru.                                                                                                                                                                                                                                                                                                                                                                                                  "},{"@context":"https:\/\/schema.org\/","@type":"BreadcrumbList","itemListElement":[{"@type":"ListItem","position":1,"name":"Pro\u010d d\u00e1t p\u0159ednost sklen\u011bn\u00e9mu z\u00e1bradl\u00ed na balkon nebo lod\u017eii","item":"https:\/\/www.tulipy.cz\/proc-dat-prednost-sklenenemu-zabradli-na-balkon-nebo-lodzii\/#breadcrumbitem"}]}]