[{"@context":"https:\/\/schema.org\/","@type":"Article","@id":"https:\/\/www.tulipy.cz\/budme-pozorni-ke-krase-kolem-nas\/#Article","mainEntityOfPage":"https:\/\/www.tulipy.cz\/budme-pozorni-ke-krase-kolem-nas\/","headline":"Bu\u010fme pozorn\u00ed ke kr\u00e1se kolem n\u00e1s","name":"Bu\u010fme pozorn\u00ed ke kr\u00e1se kolem n\u00e1s","description":"O ide\u00e1lu kr\u00e1sy dne\u0161n\u00ed doby sly\u0161elo nem\u00e1lo z\u00a0n\u00e1s v\u0161ech. Kdy\u017e se \u0159ekne kr\u00e1sn\u00e1 osoba, ka\u017ed\u00e9mu se vybav\u00ed n\u011bco zcela jin\u00e9ho. Spole\u010dnost n\u00e1m sice n\u011bjak\u00fd ide\u00e1l kr\u00e1sy podsouv\u00e1, ale nejlep\u0161\u00ed je si vytvo\u0159it v\u00a0hlav\u011b sv\u016fj vlastn\u00ed a t\u00edm se \u0159\u00eddit. Nem\u011bli bychom ostatn\u00ed soudit dle vzhledu, jeliko\u017e ne v\u0161e na na\u0161em zevn\u011bj\u0161ku um\u00edme ovlivnit, v\u011bt\u0161ina na\u0161\u00ed [&hellip;]","datePublished":"2022-04-12","dateModified":"2023-06-07","author":{"@type":"Person","@id":"https:\/\/www.tulipy.cz\/author\/#Person","name":"","url":"https:\/\/www.tulipy.cz\/author\/","identifier":1,"image":{"@type":"ImageObject","@id":"https:\/\/secure.gravatar.com\/avatar\/f7b3e8bb7f7cc0c6ca940e74a10b952be4c7d81de8a980387c865f88889f02e3?s=96&d=mm&r=g","url":"https:\/\/secure.gravatar.com\/avatar\/f7b3e8bb7f7cc0c6ca940e74a10b952be4c7d81de8a980387c865f88889f02e3?s=96&d=mm&r=g","height":96,"width":96}},"publisher":{"@type":"Organization","name":"tulipy.cz","logo":{"@type":"ImageObject","@id":"\/logo.png","url":"\/logo.png","width":600,"height":60}},"image":{"@type":"ImageObject","@id":"https:\/\/www.tulipy.cz\/wp-content\/uploads\/fashion-3179178_640.jpg","url":"https:\/\/www.tulipy.cz\/wp-content\/uploads\/fashion-3179178_640.jpg","height":0,"width":0},"url":"https:\/\/www.tulipy.cz\/budme-pozorni-ke-krase-kolem-nas\/","about":["Kr\u00e1sa"],"wordCount":495,"articleBody":"O ide\u00e1lu kr\u00e1sy dne\u0161n\u00ed doby sly\u0161elo nem\u00e1lo z\u00a0n\u00e1s v\u0161ech. Kdy\u017e se \u0159ekne kr\u00e1sn\u00e1 osoba, ka\u017ed\u00e9mu se vybav\u00ed n\u011bco zcela jin\u00e9ho. Spole\u010dnost n\u00e1m sice n\u011bjak\u00fd ide\u00e1l kr\u00e1sy podsouv\u00e1, ale nejlep\u0161\u00ed je si vytvo\u0159it v\u00a0hlav\u011b sv\u016fj vlastn\u00ed a t\u00edm se \u0159\u00eddit. Nem\u011bli bychom ostatn\u00ed soudit dle vzhledu, jeliko\u017e ne v\u0161e na na\u0161em zevn\u011bj\u0161ku um\u00edme ovlivnit, v\u011bt\u0161ina na\u0161\u00ed kr\u00e1sy je d\u00edky genov\u00e9 d\u011bdi\u010dnosti a podobn\u011b. Neovlivn\u00edme mal\u00fd nos, kulat\u00e9 tv\u00e1\u0159e a kdo v\u00ed, co je\u0161t\u011b. Kr\u00e1sa se ov\u0161em nehled\u00e1 je na pouze na osob\u00e1ch, kr\u00e1sn\u00e9 v\u011bci jsou v\u0161ude kolem n\u00e1s, to bychom nem\u011bli opomenout a m\u011bli bychom si kr\u00e1su venkova p\u0159ipom\u00ednat. Kr\u00e1sn\u00e1 p\u0159\u00edroda je jedna z\u00a0kr\u00e1s, kterou v\u0161ichni dost dob\u0159e zn\u00e1me. Ov\u0161em dnes se budeme zab\u00fdvat \u010dist\u011b kr\u00e1se na osob\u00e1ch. Kr\u00e1sn\u00e1 osoba nespo\u010d\u00edv\u00e1 jen v\u00a0tom, \u017ee n\u00e1s zaujme sv\u00fdm vzhledem na prvn\u00ed pohled. Jde o v\u00edce ne\u017e jen vzhled, kr\u00e1sn\u00e1 mus\u00ed b\u00fdt i osobnost jako takov\u00e1. Osoba, kter\u00e1 um\u00ed dob\u0159e vypadat, ale jej\u00ed charakter o n\u00ed \u0159\u00edk\u00e1 mnoho nevl\u00eddn\u00fdch v\u011bc\u00ed, nem\u016f\u017ee b\u00fdt ozna\u010dena za kr\u00e1snou. Kr\u00e1sou zevn\u011bj\u0161ku b\u00fdv\u00e1 p\u0159edev\u0161\u00edm jeho p\u0159irozenost. V\u0161e je lep\u0161\u00ed, ne\u017e kdejak\u00e1 plastika, tuny make-upu, hromada laku na vlasy, zkr\u00e1tka tyto \u00fapravy by se nikdy nem\u011bly p\u0159eh\u00e1n\u011bt a m\u011bly by n\u00e1m jen pomoci upravit a p\u0159edev\u0161\u00edm zv\u00fdraznit na\u0161e p\u0159irozen\u00e9 rysy, ne je m\u011bnit a vytv\u00e1\u0159et zcela jin\u00e9. P\u0159eci jen \u017e\u00e1dn\u00fd mu\u017e nechce us\u00ednat vedle \u017eeny s\u00a0kr\u00e1sn\u011b zmalovan\u00fdm obli\u010dejem a probudit se vedle \u00fapln\u011b jin\u00e9, kterou nikdy v\u00a0\u017eivot\u011b nevid\u011bl. Plat\u00ed to ale i naopak. O p\u0159irozenou kr\u00e1su by nem\u011bly pe\u010dovat jen \u017eeny, mu\u017ei by se tomu m\u011bli v\u011bnovat t\u00e9\u017e. Ka\u017ed\u00fd by o sebe m\u011bl pe\u010dovat, alespo\u0148 v\u00a0\u00fapln\u00fdch z\u00e1kladech. N\u011bkdy to sta\u010d\u00ed. Pe\u010dovat bychom m\u011bli i o sv\u00e9 zdrav\u00ed, p\u0159eci jen zdrav\u00e9 t\u011blo je kr\u00e1sn\u011bj\u0161\u00ed t\u011blo. Kr\u00e1su m\u016f\u017eeme vid\u011bt v\u00a0ka\u017ed\u00e9 osob\u011b, ka\u017ed\u00fd je sv\u00fdm zp\u016fsobem kr\u00e1sn\u00fd, ov\u0161em ob\u010das se tomu mus\u00ed trochu pomoci, a\u0165 u\u017e u vnit\u0159ku nebo zevn\u011bj\u0161ku. Toto neovlivn\u00edme. Nau\u010dme se kolem sebe vid\u011bt p\u0159edev\u0161\u00edm kr\u00e1su r\u016fzn\u00fdch v\u011bc\u00ed, a\u0165 u\u017e jde o ji\u017e zm\u00edn\u011bnou p\u0159\u00edrodu, o r\u016fzn\u00e9 z\u00e1\u017eitky, pam\u00e1tky, n\u00e1\u0161 domov \u010di pr\u00e1v\u011b osoby n\u00e1m bl\u00edzk\u00e9. \u017divot bude hned o n\u011bco r\u016f\u017eov\u011bj\u0161\u00ed.                                                                                                                                                                                                                                                                                                                                                                                                "},{"@context":"https:\/\/schema.org\/","@type":"BreadcrumbList","itemListElement":[{"@type":"ListItem","position":1,"name":"Bu\u010fme pozorn\u00ed ke kr\u00e1se kolem n\u00e1s","item":"https:\/\/www.tulipy.cz\/budme-pozorni-ke-krase-kolem-nas\/#breadcrumbitem"}]}]